{"id":4616,"date":"2025-12-29T13:24:31","date_gmt":"2025-12-29T11:24:31","guid":{"rendered":"https:\/\/www.kliinikum.ee\/naistekliinik\/?p=4616"},"modified":"2025-12-29T13:27:07","modified_gmt":"2025-12-29T11:27:07","slug":"patsiendid-tostsid-enim-esile-anne-ilvest-ja-dr-jana-intsitet-23-12-2025","status":"publish","type":"post","link":"https:\/\/www.kliinikum.ee\/naistekliinik\/patsiendid-tostsid-enim-esile-anne-ilvest-ja-dr-jana-intsitet-23-12-2025\/","title":{"rendered":"Patsiendid t\u00f5stsid enim esile Anne Ilvest ja dr Jana Int\u0161itet\u00a0"},"content":{"rendered":"\n<p class=\"wp-el\">Tartu \u00dclikooli Kliinikum peab patsientide tagasisidet v\u00e4ga v\u00e4\u00e4rtuslikuks ning kogub seda mitmel erineval moel. \u00dcheks v\u00f5imaluseks on jagada oma kogemust, m\u00f5tteid ja ettepanekuid vahetult Recommy keskkonna kaudu. Vahetu tagasiside k\u00fcsimiseks saadetakse Kliinikumi k\u00fclastanud patsiendile e-kiri, milles palutakse jagada oma teenusekogemust. Sealjuures on positiivse tagasiside kirjutamine vabatahtlik. Ajavahemikus 1. detsember 2024\u20131. detsember 2025 p\u00e4lvis enim positiivset tagasisidet naistekliiniku \u00e4mmaemand Anne Ilves, keda patsiendid on esile t\u00f5stnud juba teist aastat j\u00e4rjest.<\/p>\n\n\n\n<p class=\"wp-el\">M\u00f5ned patsientide kommentaarid Anne Ilvesest:&nbsp;<\/p>\n\n\n\n<ul class=\"wp-block-list wp-el\">\n<li><em>\u00c4mmaemand Anne Ilves on k\u00f5ige s\u00f5bralikum ja asjalikum tervishoiut\u00f6\u00f6taja, kelle juurde sattunud olen. V\u00f5tab \u00e4ra igasuguse \u00e4revuse ja teeb oma t\u00f6\u00f6d professionaalselt.<\/em><\/li>\n\n\n\n<li><em>Mulle v\u00e4ga meeldis teenus. Anne Ilves on v\u00e4ga s\u00f5bralik, p\u00f5hjalikult k\u00fcsitles ja selgitas. Samal p\u00e4eval sain k\u00f5ik vajalikud uuringud teha ja isegi samal p\u00e4eval sain uuringute vastuse.<\/em><\/li>\n\n\n\n<li><em>\u00c4mmaemand Anne Ilves on v\u00e4ga s\u00f5bralik, suudab r\u00e4\u00e4kida asjadest inimese keeles ja oskab n\u00f5u anda ning p\u00fchendub patsiendimurele 100%<\/em><\/li>\n<\/ul>\n\n\n\n<p class=\"wp-el\"><strong><br>Kommentaar, Anne Ilves:&nbsp;<\/strong>Teen oma t\u00f6\u00f6d ikka s\u00fcdamega. Lihtsalt ei oska teisiti. Suurim t\u00e4nu on tegelikult see, kui patsient lahkub vastuv\u00f5tult sirge seljaga ja rahulolevana ning on j\u00e4tnud murekoorma maha. Arvan, et juba naeratus ja soe tervitus uksel loob hea aluse kontaktiks patsiendiga \u2013 ta on oodatud. Edasine roll on patsiendile p\u00fchendumises ja tema jaoks olemas olemises \u2013 vastuv\u00f5tu aeg kuulub vaid talle. Tuleb kuulda kuulates ja vahel n\u00e4ha ka n\u00e4gematut ning alati on oma koht toetaval v\u00f5i innustaval s\u00f5nal. Arvan, et patsienti tuleb kohelda just nii soojalt ja v\u00e4\u00e4rikalt nagu sa tahaksid, et ka sind patsiendina vastuv\u00f5tul koheldaks. Head t\u00f6\u00f6d aitab aga teha meie suurep\u00e4raselt toimiv meeskond. Kui seda ei oleks, siis j\u00e4\u00e4ks ka t\u00f6\u00f6 ja t\u00e4nu poolikuks. K\u00fcljetunne ja tugev seljatagune on need, mis ka keerulisemates olukordades appi tulevad. S\u00fcdamlikud t\u00e4nud k\u00f5igile!<\/p>\n\n\n\n<p class=\"wp-el\">Lisaks on \u00fcheks v\u00f5imaluseks t\u00e4nuavalduste ja ettepanekute edastamine tervishoiut\u00f6\u00f6tajatele. Ajavahemikus 1. detsember 2024\u20131. detsember 2025 laekus patsientide t\u00e4nuavaldusi enim spordimeditsiini ja taastusravi kliiniku statsionaarse osakonnas t\u00f6\u00f6tavale dr Jana Int\u0161itele.<\/p>\n\n\n\n<p class=\"wp-el\">Patsiendid dr Jana Int\u0161itest:<\/p>\n\n\n\n<ul class=\"wp-block-list wp-el\">\n<li><em>Suure muutuse minu arengus tegi taastusravi osakond, kuhu saabudes ei suutnud k\u00f5ndida ega liigutada k\u00e4si. T\u00e4nan s\u00fcdamest head arsti dr Jana Int\u0161itet ning tublit f\u00fcsioterapeuti Ingrid Tamm\u2019e ja tegevusterapeuti Ulla Evestust.<\/em><\/li>\n\n\n\n<li><em>Avaldan s\u00fcdamlikku t\u00e4nu kogu osakonna personalile professionaalse, s\u00fcdamliku ja humaanse suhtumise eest patsientidesse, pidevale valmisolekule k\u00f5iki aidata. Eriline t\u00e4nu ja tunnustus minu raviarstidele \u2013 dr Aet Lukmann\u2019ile, dr Jana Int\u0161ite\u2019le, f\u00fcsioterapeut Georgi Ivanovile. Parimate soovidega saabuvate j\u00f5ulup\u00fchade ja uue aasta saabumise puhul.<\/em><\/li>\n\n\n\n<li><em>T\u00e4nan kogu osakonna personali l\u00f5putu hoolitsuse ja heas\u00fcdamlikkuse, abivalmiduse eest. T\u00e4nan kogu s\u00fcdamest oma raviarsti dr Jana Int\u0161ite\u2019t, f\u00fcsioterapeut Riin Kodasmaa\u2019d ja kogu osakonna \u00f5desid, hooldajaid ja koristajaid.<\/em><\/li>\n<\/ul>\n\n\n\n<p class=\"wp-el\"><strong>Kommentaar, dr Jana Int\u0161ite<\/strong>: Olen v\u00e4ga t\u00e4nulik sellise arstiameti puhul \u00fche k\u00f5ige olulisema tunnustuse eest. See on minu jaoks v\u00e4ga suur au ja \u00fcllatus. Samuti kinnitab see mulle, et ajan \u00f5iget asja! Proovin j\u00e4tkata samasuguses positiivses v\u00f5tmes. Olen p\u00fc\u00fcdnud iga patsiendi jaoks anda enda teadmistest ning oskusest parima, et parandada nende tervist ning aidata naasta edukalt igap\u00e4evaellu.<\/p>\n\n\n\n<p class=\"wp-el\">Tahan s\u00fcdamest t\u00e4nada kogu oma meeskonda, kellega p\u00e4evast p\u00e4eva teeme t\u00f6\u00f6d, et aidata oma patsiente.<\/p>\n\n\n\n<p class=\"wp-el\"><a href=\"https:\/\/www.kliinikum.ee\/patsiendid-tostsid-enim-esile-anne-ilvest-ja-dr-jana-intsitet\/\">Kliinikumi Leht<\/a><\/p>\n","protected":false},"excerpt":{"rendered":"<p>Tartu \u00dclikooli Kliinikum peab patsientide tagasisidet v\u00e4ga v\u00e4\u00e4rtuslikuks ning kogub seda mitmel erineval moel. \u00dcheks v\u00f5imaluseks on jagada oma kogemust,&#8230;<\/p>\n","protected":false},"author":24,"featured_media":0,"comment_status":"closed","ping_status":"closed","sticky":false,"template":"","format":"standard","meta":{"_acf_changed":false,"inline_featured_image":false,"advgb_blocks_editor_width":"","advgb_blocks_columns_visual_guide":"","footnotes":"","_links_to":"","_links_to_target":""},"categories":[1],"class_list":["post-4616","post","type-post","status-publish","format-standard","hentry","category-uudised"],"acf":[],"yoast_head":"<!-- This site is optimized with the Yoast SEO plugin v27.3 - https:\/\/yoast.com\/product\/yoast-seo-wordpress\/ -->\n<title>Patsiendid t\u00f5stsid enim esile Anne Ilvest ja dr Jana Int\u0161itet\u00a0 - Naistekliinik<\/title>\n<meta name=\"robots\" content=\"index, follow, max-snippet:-1, max-image-preview:large, max-video-preview:-1\" \/>\n<link rel=\"canonical\" href=\"https:\/\/www.kliinikum.ee\/naistekliinik\/patsiendid-tostsid-enim-esile-anne-ilvest-ja-dr-jana-intsitet-23-12-2025\/\" \/>\n<meta property=\"og:locale\" content=\"et_EE\" \/>\n<meta property=\"og:type\" content=\"article\" \/>\n<meta property=\"og:title\" content=\"Patsiendid t\u00f5stsid enim esile Anne Ilvest ja dr Jana Int\u0161itet\u00a0 - Naistekliinik\" \/>\n<meta property=\"og:description\" content=\"Tartu \u00dclikooli Kliinikum peab patsientide tagasisidet v\u00e4ga v\u00e4\u00e4rtuslikuks ning kogub seda mitmel erineval moel. \u00dcheks v\u00f5imaluseks on jagada oma kogemust,...\" \/>\n<meta property=\"og:url\" content=\"https:\/\/www.kliinikum.ee\/naistekliinik\/patsiendid-tostsid-enim-esile-anne-ilvest-ja-dr-jana-intsitet-23-12-2025\/\" \/>\n<meta property=\"og:site_name\" content=\"Naistekliinik\" \/>\n<meta property=\"article:published_time\" content=\"2025-12-29T11:24:31+00:00\" \/>\n<meta property=\"article:modified_time\" content=\"2025-12-29T11:27:07+00:00\" \/>\n<meta name=\"author\" content=\"Liana Karapetja\" \/>\n<meta name=\"twitter:card\" content=\"summary_large_image\" \/>\n<meta name=\"twitter:label1\" content=\"Written by\" \/>\n\t<meta name=\"twitter:data1\" content=\"Liana Karapetja\" \/>\n\t<meta name=\"twitter:label2\" content=\"Est. reading time\" \/>\n\t<meta name=\"twitter:data2\" content=\"3 minutit\" \/>\n<script type=\"application\/ld+json\" class=\"yoast-schema-graph\">{\"@context\":\"https:\\\/\\\/schema.org\",\"@graph\":[{\"@type\":\"Article\",\"@id\":\"https:\\\/\\\/www.kliinikum.ee\\\/naistekliinik\\\/patsiendid-tostsid-enim-esile-anne-ilvest-ja-dr-jana-intsitet-23-12-2025\\\/#article\",\"isPartOf\":{\"@id\":\"https:\\\/\\\/www.kliinikum.ee\\\/naistekliinik\\\/patsiendid-tostsid-enim-esile-anne-ilvest-ja-dr-jana-intsitet-23-12-2025\\\/\"},\"author\":{\"name\":\"Liana Karapetja\",\"@id\":\"https:\\\/\\\/www.kliinikum.ee\\\/naistekliinik\\\/#\\\/schema\\\/person\\\/ecfa55f841d163b6d0714e6b0263a995\"},\"headline\":\"Patsiendid t\u00f5stsid enim esile Anne Ilvest ja dr Jana Int\u0161itet\u00a0\",\"datePublished\":\"2025-12-29T11:24:31+00:00\",\"dateModified\":\"2025-12-29T11:27:07+00:00\",\"mainEntityOfPage\":{\"@id\":\"https:\\\/\\\/www.kliinikum.ee\\\/naistekliinik\\\/patsiendid-tostsid-enim-esile-anne-ilvest-ja-dr-jana-intsitet-23-12-2025\\\/\"},\"wordCount\":585,\"articleSection\":[\"Uudised\"],\"inLanguage\":\"et\"},{\"@type\":\"WebPage\",\"@id\":\"https:\\\/\\\/www.kliinikum.ee\\\/naistekliinik\\\/patsiendid-tostsid-enim-esile-anne-ilvest-ja-dr-jana-intsitet-23-12-2025\\\/\",\"url\":\"https:\\\/\\\/www.kliinikum.ee\\\/naistekliinik\\\/patsiendid-tostsid-enim-esile-anne-ilvest-ja-dr-jana-intsitet-23-12-2025\\\/\",\"name\":\"Patsiendid t\u00f5stsid enim esile Anne Ilvest ja dr Jana Int\u0161itet\u00a0 - Naistekliinik\",\"isPartOf\":{\"@id\":\"https:\\\/\\\/www.kliinikum.ee\\\/naistekliinik\\\/#website\"},\"datePublished\":\"2025-12-29T11:24:31+00:00\",\"dateModified\":\"2025-12-29T11:27:07+00:00\",\"author\":{\"@id\":\"https:\\\/\\\/www.kliinikum.ee\\\/naistekliinik\\\/#\\\/schema\\\/person\\\/ecfa55f841d163b6d0714e6b0263a995\"},\"breadcrumb\":{\"@id\":\"https:\\\/\\\/www.kliinikum.ee\\\/naistekliinik\\\/patsiendid-tostsid-enim-esile-anne-ilvest-ja-dr-jana-intsitet-23-12-2025\\\/#breadcrumb\"},\"inLanguage\":\"et\",\"potentialAction\":[{\"@type\":\"ReadAction\",\"target\":[\"https:\\\/\\\/www.kliinikum.ee\\\/naistekliinik\\\/patsiendid-tostsid-enim-esile-anne-ilvest-ja-dr-jana-intsitet-23-12-2025\\\/\"]}]},{\"@type\":\"BreadcrumbList\",\"@id\":\"https:\\\/\\\/www.kliinikum.ee\\\/naistekliinik\\\/patsiendid-tostsid-enim-esile-anne-ilvest-ja-dr-jana-intsitet-23-12-2025\\\/#breadcrumb\",\"itemListElement\":[{\"@type\":\"ListItem\",\"position\":1,\"name\":\"Home\",\"item\":\"https:\\\/\\\/www.kliinikum.ee\\\/naistekliinik\\\/\"},{\"@type\":\"ListItem\",\"position\":2,\"name\":\"Patsiendid t\u00f5stsid enim esile Anne Ilvest ja dr Jana Int\u0161itet\u00a0\"}]},{\"@type\":\"WebSite\",\"@id\":\"https:\\\/\\\/www.kliinikum.ee\\\/naistekliinik\\\/#website\",\"url\":\"https:\\\/\\\/www.kliinikum.ee\\\/naistekliinik\\\/\",\"name\":\"Naistekliinik\",\"description\":\"Hoolivus P\u00e4devus Usaldusv\u00e4\u00e4rsus\",\"potentialAction\":[{\"@type\":\"SearchAction\",\"target\":{\"@type\":\"EntryPoint\",\"urlTemplate\":\"https:\\\/\\\/www.kliinikum.ee\\\/naistekliinik\\\/?s={search_term_string}\"},\"query-input\":{\"@type\":\"PropertyValueSpecification\",\"valueRequired\":true,\"valueName\":\"search_term_string\"}}],\"inLanguage\":\"et\"},{\"@type\":\"Person\",\"@id\":\"https:\\\/\\\/www.kliinikum.ee\\\/naistekliinik\\\/#\\\/schema\\\/person\\\/ecfa55f841d163b6d0714e6b0263a995\",\"name\":\"Liana Karapetja\",\"image\":{\"@type\":\"ImageObject\",\"inLanguage\":\"et\",\"@id\":\"https:\\\/\\\/secure.gravatar.com\\\/avatar\\\/3ab5adaf78fb2693d345ecf957ce2a35016809a5b8b465cbdc7981a7061f6552?s=96&d=mm&r=g\",\"url\":\"https:\\\/\\\/secure.gravatar.com\\\/avatar\\\/3ab5adaf78fb2693d345ecf957ce2a35016809a5b8b465cbdc7981a7061f6552?s=96&d=mm&r=g\",\"contentUrl\":\"https:\\\/\\\/secure.gravatar.com\\\/avatar\\\/3ab5adaf78fb2693d345ecf957ce2a35016809a5b8b465cbdc7981a7061f6552?s=96&d=mm&r=g\",\"caption\":\"Liana Karapetja\"},\"url\":\"https:\\\/\\\/www.kliinikum.ee\\\/naistekliinik\\\/author\\\/lianak\\\/\"}]}<\/script>\n<!-- \/ Yoast SEO plugin. -->","yoast_head_json":{"title":"Patsiendid t\u00f5stsid enim esile Anne Ilvest ja dr Jana Int\u0161itet\u00a0 - Naistekliinik","robots":{"index":"index","follow":"follow","max-snippet":"max-snippet:-1","max-image-preview":"max-image-preview:large","max-video-preview":"max-video-preview:-1"},"canonical":"https:\/\/www.kliinikum.ee\/naistekliinik\/patsiendid-tostsid-enim-esile-anne-ilvest-ja-dr-jana-intsitet-23-12-2025\/","og_locale":"et_EE","og_type":"article","og_title":"Patsiendid t\u00f5stsid enim esile Anne Ilvest ja dr Jana Int\u0161itet\u00a0 - Naistekliinik","og_description":"Tartu \u00dclikooli Kliinikum peab patsientide tagasisidet v\u00e4ga v\u00e4\u00e4rtuslikuks ning kogub seda mitmel erineval moel. \u00dcheks v\u00f5imaluseks on jagada oma kogemust,...","og_url":"https:\/\/www.kliinikum.ee\/naistekliinik\/patsiendid-tostsid-enim-esile-anne-ilvest-ja-dr-jana-intsitet-23-12-2025\/","og_site_name":"Naistekliinik","article_published_time":"2025-12-29T11:24:31+00:00","article_modified_time":"2025-12-29T11:27:07+00:00","author":"Liana Karapetja","twitter_card":"summary_large_image","twitter_misc":{"Written by":"Liana Karapetja","Est. reading time":"3 minutit"},"schema":{"@context":"https:\/\/schema.org","@graph":[{"@type":"Article","@id":"https:\/\/www.kliinikum.ee\/naistekliinik\/patsiendid-tostsid-enim-esile-anne-ilvest-ja-dr-jana-intsitet-23-12-2025\/#article","isPartOf":{"@id":"https:\/\/www.kliinikum.ee\/naistekliinik\/patsiendid-tostsid-enim-esile-anne-ilvest-ja-dr-jana-intsitet-23-12-2025\/"},"author":{"name":"Liana Karapetja","@id":"https:\/\/www.kliinikum.ee\/naistekliinik\/#\/schema\/person\/ecfa55f841d163b6d0714e6b0263a995"},"headline":"Patsiendid t\u00f5stsid enim esile Anne Ilvest ja dr Jana Int\u0161itet\u00a0","datePublished":"2025-12-29T11:24:31+00:00","dateModified":"2025-12-29T11:27:07+00:00","mainEntityOfPage":{"@id":"https:\/\/www.kliinikum.ee\/naistekliinik\/patsiendid-tostsid-enim-esile-anne-ilvest-ja-dr-jana-intsitet-23-12-2025\/"},"wordCount":585,"articleSection":["Uudised"],"inLanguage":"et"},{"@type":"WebPage","@id":"https:\/\/www.kliinikum.ee\/naistekliinik\/patsiendid-tostsid-enim-esile-anne-ilvest-ja-dr-jana-intsitet-23-12-2025\/","url":"https:\/\/www.kliinikum.ee\/naistekliinik\/patsiendid-tostsid-enim-esile-anne-ilvest-ja-dr-jana-intsitet-23-12-2025\/","name":"Patsiendid t\u00f5stsid enim esile Anne Ilvest ja dr Jana Int\u0161itet\u00a0 - Naistekliinik","isPartOf":{"@id":"https:\/\/www.kliinikum.ee\/naistekliinik\/#website"},"datePublished":"2025-12-29T11:24:31+00:00","dateModified":"2025-12-29T11:27:07+00:00","author":{"@id":"https:\/\/www.kliinikum.ee\/naistekliinik\/#\/schema\/person\/ecfa55f841d163b6d0714e6b0263a995"},"breadcrumb":{"@id":"https:\/\/www.kliinikum.ee\/naistekliinik\/patsiendid-tostsid-enim-esile-anne-ilvest-ja-dr-jana-intsitet-23-12-2025\/#breadcrumb"},"inLanguage":"et","potentialAction":[{"@type":"ReadAction","target":["https:\/\/www.kliinikum.ee\/naistekliinik\/patsiendid-tostsid-enim-esile-anne-ilvest-ja-dr-jana-intsitet-23-12-2025\/"]}]},{"@type":"BreadcrumbList","@id":"https:\/\/www.kliinikum.ee\/naistekliinik\/patsiendid-tostsid-enim-esile-anne-ilvest-ja-dr-jana-intsitet-23-12-2025\/#breadcrumb","itemListElement":[{"@type":"ListItem","position":1,"name":"Home","item":"https:\/\/www.kliinikum.ee\/naistekliinik\/"},{"@type":"ListItem","position":2,"name":"Patsiendid t\u00f5stsid enim esile Anne Ilvest ja dr Jana Int\u0161itet\u00a0"}]},{"@type":"WebSite","@id":"https:\/\/www.kliinikum.ee\/naistekliinik\/#website","url":"https:\/\/www.kliinikum.ee\/naistekliinik\/","name":"Naistekliinik","description":"Hoolivus P\u00e4devus Usaldusv\u00e4\u00e4rsus","potentialAction":[{"@type":"SearchAction","target":{"@type":"EntryPoint","urlTemplate":"https:\/\/www.kliinikum.ee\/naistekliinik\/?s={search_term_string}"},"query-input":{"@type":"PropertyValueSpecification","valueRequired":true,"valueName":"search_term_string"}}],"inLanguage":"et"},{"@type":"Person","@id":"https:\/\/www.kliinikum.ee\/naistekliinik\/#\/schema\/person\/ecfa55f841d163b6d0714e6b0263a995","name":"Liana Karapetja","image":{"@type":"ImageObject","inLanguage":"et","@id":"https:\/\/secure.gravatar.com\/avatar\/3ab5adaf78fb2693d345ecf957ce2a35016809a5b8b465cbdc7981a7061f6552?s=96&d=mm&r=g","url":"https:\/\/secure.gravatar.com\/avatar\/3ab5adaf78fb2693d345ecf957ce2a35016809a5b8b465cbdc7981a7061f6552?s=96&d=mm&r=g","contentUrl":"https:\/\/secure.gravatar.com\/avatar\/3ab5adaf78fb2693d345ecf957ce2a35016809a5b8b465cbdc7981a7061f6552?s=96&d=mm&r=g","caption":"Liana Karapetja"},"url":"https:\/\/www.kliinikum.ee\/naistekliinik\/author\/lianak\/"}]}},"author_meta":{"display_name":"Liana Karapetja","author_link":"https:\/\/www.kliinikum.ee\/naistekliinik\/author\/lianak\/"},"featured_img":null,"coauthors":[],"tax_additional":{"categories":{"linked":["<a href=\"https:\/\/www.kliinikum.ee\/naistekliinik\/uudised\/\" class=\"advgb-post-tax-term\">Uudised<\/a>"],"unlinked":["<span class=\"advgb-post-tax-term\">Uudised<\/span>"]}},"comment_count":"0","relative_dates":{"created":"Posted 4 kuud ago","modified":"Updated 4 kuud ago"},"absolute_dates":{"created":"Posted on 29. dets. 2025","modified":"Updated on 29. dets. 2025"},"absolute_dates_time":{"created":"Posted on 29. dets. 2025 01:24","modified":"Updated on 29. dets. 2025 01:27"},"featured_img_caption":"","series_order":"","_links":{"self":[{"href":"https:\/\/www.kliinikum.ee\/naistekliinik\/wp-json\/wp\/v2\/posts\/4616","targetHints":{"allow":["GET"]}}],"collection":[{"href":"https:\/\/www.kliinikum.ee\/naistekliinik\/wp-json\/wp\/v2\/posts"}],"about":[{"href":"https:\/\/www.kliinikum.ee\/naistekliinik\/wp-json\/wp\/v2\/types\/post"}],"author":[{"embeddable":true,"href":"https:\/\/www.kliinikum.ee\/naistekliinik\/wp-json\/wp\/v2\/users\/24"}],"replies":[{"embeddable":true,"href":"https:\/\/www.kliinikum.ee\/naistekliinik\/wp-json\/wp\/v2\/comments?post=4616"}],"version-history":[{"count":0,"href":"https:\/\/www.kliinikum.ee\/naistekliinik\/wp-json\/wp\/v2\/posts\/4616\/revisions"}],"wp:attachment":[{"href":"https:\/\/www.kliinikum.ee\/naistekliinik\/wp-json\/wp\/v2\/media?parent=4616"}],"wp:term":[{"taxonomy":"category","embeddable":true,"href":"https:\/\/www.kliinikum.ee\/naistekliinik\/wp-json\/wp\/v2\/categories?post=4616"}],"curies":[{"name":"wp","href":"https:\/\/api.w.org\/{rel}","templated":true}]}}