{"id":4634,"date":"2026-01-16T15:18:51","date_gmt":"2026-01-16T13:18:51","guid":{"rendered":"https:\/\/www.kliinikum.ee\/naistekliinik\/?p=4634"},"modified":"2026-01-16T15:18:54","modified_gmt":"2026-01-16T13:18:54","slug":"jaanuarist-muutub-tartu-laste-valtimatu-abi-visiiditasu-kliinikumis","status":"publish","type":"post","link":"https:\/\/www.kliinikum.ee\/naistekliinik\/jaanuarist-muutub-tartu-laste-valtimatu-abi-visiiditasu-kliinikumis\/","title":{"rendered":"Jaanuarist muutub Tartu laste v\u00e4ltimatu abi visiiditasu Kliinikumis"},"content":{"rendered":"\n<h5 class=\"wp-block-heading wp-el\"><strong>Jaanuarist muutub Tartu laste v\u00e4ltimatu abi visiiditasu Kliinikumis&nbsp;<\/strong><\/h5>\n\n\n\n<p class=\"wp-el\"><strong>Jaanuarist 2026 muutub Tartu \u00dclikooli Kliinikumis Tartu linna laste ja noorte v\u00e4ltimatu abi visiiditasu. Uueks visiiditasu m\u00e4\u00e4raks on 5 eurot ning muudatus tuleneb Tartu linna tervishoiukulude h\u00fcvitamise korralduse muutusest.&nbsp;<\/strong><\/p>\n\n\n\n<p class=\"wp-el\">Seni olid rahvastikuregistri j\u00e4rgi Tartu linna registreeritud kuni 19-aastaste isikute v\u00e4ltimatud ambulatoorsed arsti vastuv\u00f5tud ilma visiiditasuta, kuna selle kulu tasus Tartu linn. 2026. aasta jaanuarist erisused enam v\u00e4ltimatu abi vajaduse korral ei kehti ning kuni 19-aastaste v\u00e4ltimatu tervishoiuteenuse visiidi eest tuleb tasuda 5 eurot. Muudatus ei puuduta alla kaheaastaseid lapsi, kellele on ambulatoorsed tervishoiuteenused visiiditasuta.&nbsp;<\/p>\n\n\n\n<p class=\"wp-el\">Kliinikumi erakorralise ja v\u00e4ltimatu abi korraldus lastele ja t\u00e4iskasvanutele j\u00e4\u00e4b samaks: ootamatute tervisemurede korral on v\u00f5imalik p\u00f6\u00f6rduda nii erakorralise meditsiini osakonda kui ka lastekliiniku, k\u00f5rvakliiniku, naistekliiniku, silmakliiniku, stomatoloogia kliiniku ning ps\u00fchhiaatriakliiniku v\u00e4ltimatu abi valvekabinetti. V\u00e4ltimatu abi eesm\u00e4rk on ravida lapsi ja t\u00e4iskasvanuid, kellel on tekkinud ootamatu ja \u00e4ge terviseprobleem, mis on inimesele eluohtlik v\u00f5i potentsiaalselt eluohtlik.&nbsp;<\/p>\n\n\n\n<p class=\"wp-el\">Kui inimene kahtleb, kas tema seisund on erakorraline v\u00f5i mitte, siis tasub pidada n\u00f5u oma perearstiga v\u00f5i helistada perearstide n\u00f5uandetelefonile 1220.&nbsp;<\/p>\n\n\n\n<p class=\"wp-el\">\u00dcldine info visiidi- ja voodip\u00e4evatasudest, samuti erisustest, asub Kliinikumi&nbsp;<a href=\"https:\/\/www.kliinikum.ee\/patsiendile\/eriarsti-vastuvott\/\">kodulehel siin<\/a>.&nbsp;<\/p>\n\n\n\n<p class=\"wp-el\">Teate edastas<br>Kommunikatsiooniteenistus,\u00a0<a href=\"mailto:kommunikatsioon@kliinikum.ee\">kommunikatsioon@kliinikum.ee<\/a>\u00a0<\/p>\n","protected":false},"excerpt":{"rendered":"<p>Jaanuarist muutub Tartu laste v\u00e4ltimatu abi visiiditasu Kliinikumis&nbsp; Jaanuarist 2026 muutub Tartu \u00dclikooli Kliinikumis Tartu linna laste ja noorte v\u00e4ltimatu&#8230;<\/p>\n","protected":false},"author":24,"featured_media":0,"comment_status":"closed","ping_status":"closed","sticky":false,"template":"","format":"standard","meta":{"_acf_changed":false,"inline_featured_image":false,"advgb_blocks_editor_width":"","advgb_blocks_columns_visual_guide":"","footnotes":"","_links_to":"","_links_to_target":""},"categories":[1],"class_list":["post-4634","post","type-post","status-publish","format-standard","hentry","category-uudised"],"acf":[],"yoast_head":"<!-- This site is optimized with the Yoast SEO plugin v27.3 - https:\/\/yoast.com\/product\/yoast-seo-wordpress\/ -->\n<title>Jaanuarist muutub Tartu laste v\u00e4ltimatu abi visiiditasu Kliinikumis - Naistekliinik<\/title>\n<meta name=\"robots\" content=\"index, follow, max-snippet:-1, max-image-preview:large, max-video-preview:-1\" \/>\n<link rel=\"canonical\" href=\"https:\/\/www.kliinikum.ee\/naistekliinik\/jaanuarist-muutub-tartu-laste-valtimatu-abi-visiiditasu-kliinikumis\/\" \/>\n<meta property=\"og:locale\" content=\"et_EE\" \/>\n<meta property=\"og:type\" content=\"article\" \/>\n<meta property=\"og:title\" content=\"Jaanuarist muutub Tartu laste v\u00e4ltimatu abi visiiditasu Kliinikumis - Naistekliinik\" \/>\n<meta property=\"og:description\" content=\"Jaanuarist muutub Tartu laste v\u00e4ltimatu abi visiiditasu Kliinikumis&nbsp; Jaanuarist 2026 muutub Tartu \u00dclikooli Kliinikumis Tartu linna laste ja noorte v\u00e4ltimatu...\" \/>\n<meta property=\"og:url\" content=\"https:\/\/www.kliinikum.ee\/naistekliinik\/jaanuarist-muutub-tartu-laste-valtimatu-abi-visiiditasu-kliinikumis\/\" \/>\n<meta property=\"og:site_name\" content=\"Naistekliinik\" \/>\n<meta property=\"article:published_time\" content=\"2026-01-16T13:18:51+00:00\" \/>\n<meta property=\"article:modified_time\" content=\"2026-01-16T13:18:54+00:00\" \/>\n<meta name=\"author\" content=\"Liana Karapetja\" \/>\n<meta name=\"twitter:card\" content=\"summary_large_image\" \/>\n<meta name=\"twitter:label1\" content=\"Written by\" \/>\n\t<meta name=\"twitter:data1\" content=\"Liana Karapetja\" \/>\n\t<meta name=\"twitter:label2\" content=\"Est. reading time\" \/>\n\t<meta name=\"twitter:data2\" content=\"2 minutit\" \/>\n<script type=\"application\/ld+json\" class=\"yoast-schema-graph\">{\"@context\":\"https:\\\/\\\/schema.org\",\"@graph\":[{\"@type\":\"Article\",\"@id\":\"https:\\\/\\\/www.kliinikum.ee\\\/naistekliinik\\\/jaanuarist-muutub-tartu-laste-valtimatu-abi-visiiditasu-kliinikumis\\\/#article\",\"isPartOf\":{\"@id\":\"https:\\\/\\\/www.kliinikum.ee\\\/naistekliinik\\\/jaanuarist-muutub-tartu-laste-valtimatu-abi-visiiditasu-kliinikumis\\\/\"},\"author\":{\"name\":\"Liana Karapetja\",\"@id\":\"https:\\\/\\\/www.kliinikum.ee\\\/naistekliinik\\\/#\\\/schema\\\/person\\\/ecfa55f841d163b6d0714e6b0263a995\"},\"headline\":\"Jaanuarist muutub Tartu laste v\u00e4ltimatu abi visiiditasu Kliinikumis\",\"datePublished\":\"2026-01-16T13:18:51+00:00\",\"dateModified\":\"2026-01-16T13:18:54+00:00\",\"mainEntityOfPage\":{\"@id\":\"https:\\\/\\\/www.kliinikum.ee\\\/naistekliinik\\\/jaanuarist-muutub-tartu-laste-valtimatu-abi-visiiditasu-kliinikumis\\\/\"},\"wordCount\":222,\"articleSection\":[\"Uudised\"],\"inLanguage\":\"et\"},{\"@type\":\"WebPage\",\"@id\":\"https:\\\/\\\/www.kliinikum.ee\\\/naistekliinik\\\/jaanuarist-muutub-tartu-laste-valtimatu-abi-visiiditasu-kliinikumis\\\/\",\"url\":\"https:\\\/\\\/www.kliinikum.ee\\\/naistekliinik\\\/jaanuarist-muutub-tartu-laste-valtimatu-abi-visiiditasu-kliinikumis\\\/\",\"name\":\"Jaanuarist muutub Tartu laste v\u00e4ltimatu abi visiiditasu Kliinikumis - Naistekliinik\",\"isPartOf\":{\"@id\":\"https:\\\/\\\/www.kliinikum.ee\\\/naistekliinik\\\/#website\"},\"datePublished\":\"2026-01-16T13:18:51+00:00\",\"dateModified\":\"2026-01-16T13:18:54+00:00\",\"author\":{\"@id\":\"https:\\\/\\\/www.kliinikum.ee\\\/naistekliinik\\\/#\\\/schema\\\/person\\\/ecfa55f841d163b6d0714e6b0263a995\"},\"breadcrumb\":{\"@id\":\"https:\\\/\\\/www.kliinikum.ee\\\/naistekliinik\\\/jaanuarist-muutub-tartu-laste-valtimatu-abi-visiiditasu-kliinikumis\\\/#breadcrumb\"},\"inLanguage\":\"et\",\"potentialAction\":[{\"@type\":\"ReadAction\",\"target\":[\"https:\\\/\\\/www.kliinikum.ee\\\/naistekliinik\\\/jaanuarist-muutub-tartu-laste-valtimatu-abi-visiiditasu-kliinikumis\\\/\"]}]},{\"@type\":\"BreadcrumbList\",\"@id\":\"https:\\\/\\\/www.kliinikum.ee\\\/naistekliinik\\\/jaanuarist-muutub-tartu-laste-valtimatu-abi-visiiditasu-kliinikumis\\\/#breadcrumb\",\"itemListElement\":[{\"@type\":\"ListItem\",\"position\":1,\"name\":\"Home\",\"item\":\"https:\\\/\\\/www.kliinikum.ee\\\/naistekliinik\\\/\"},{\"@type\":\"ListItem\",\"position\":2,\"name\":\"Jaanuarist muutub Tartu laste v\u00e4ltimatu abi visiiditasu Kliinikumis\"}]},{\"@type\":\"WebSite\",\"@id\":\"https:\\\/\\\/www.kliinikum.ee\\\/naistekliinik\\\/#website\",\"url\":\"https:\\\/\\\/www.kliinikum.ee\\\/naistekliinik\\\/\",\"name\":\"Naistekliinik\",\"description\":\"Hoolivus P\u00e4devus Usaldusv\u00e4\u00e4rsus\",\"potentialAction\":[{\"@type\":\"SearchAction\",\"target\":{\"@type\":\"EntryPoint\",\"urlTemplate\":\"https:\\\/\\\/www.kliinikum.ee\\\/naistekliinik\\\/?s={search_term_string}\"},\"query-input\":{\"@type\":\"PropertyValueSpecification\",\"valueRequired\":true,\"valueName\":\"search_term_string\"}}],\"inLanguage\":\"et\"},{\"@type\":\"Person\",\"@id\":\"https:\\\/\\\/www.kliinikum.ee\\\/naistekliinik\\\/#\\\/schema\\\/person\\\/ecfa55f841d163b6d0714e6b0263a995\",\"name\":\"Liana Karapetja\",\"image\":{\"@type\":\"ImageObject\",\"inLanguage\":\"et\",\"@id\":\"https:\\\/\\\/secure.gravatar.com\\\/avatar\\\/3ab5adaf78fb2693d345ecf957ce2a35016809a5b8b465cbdc7981a7061f6552?s=96&d=mm&r=g\",\"url\":\"https:\\\/\\\/secure.gravatar.com\\\/avatar\\\/3ab5adaf78fb2693d345ecf957ce2a35016809a5b8b465cbdc7981a7061f6552?s=96&d=mm&r=g\",\"contentUrl\":\"https:\\\/\\\/secure.gravatar.com\\\/avatar\\\/3ab5adaf78fb2693d345ecf957ce2a35016809a5b8b465cbdc7981a7061f6552?s=96&d=mm&r=g\",\"caption\":\"Liana Karapetja\"},\"url\":\"https:\\\/\\\/www.kliinikum.ee\\\/naistekliinik\\\/author\\\/lianak\\\/\"}]}<\/script>\n<!-- \/ Yoast SEO plugin. -->","yoast_head_json":{"title":"Jaanuarist muutub Tartu laste v\u00e4ltimatu abi visiiditasu Kliinikumis - Naistekliinik","robots":{"index":"index","follow":"follow","max-snippet":"max-snippet:-1","max-image-preview":"max-image-preview:large","max-video-preview":"max-video-preview:-1"},"canonical":"https:\/\/www.kliinikum.ee\/naistekliinik\/jaanuarist-muutub-tartu-laste-valtimatu-abi-visiiditasu-kliinikumis\/","og_locale":"et_EE","og_type":"article","og_title":"Jaanuarist muutub Tartu laste v\u00e4ltimatu abi visiiditasu Kliinikumis - Naistekliinik","og_description":"Jaanuarist muutub Tartu laste v\u00e4ltimatu abi visiiditasu Kliinikumis&nbsp; Jaanuarist 2026 muutub Tartu \u00dclikooli Kliinikumis Tartu linna laste ja noorte v\u00e4ltimatu...","og_url":"https:\/\/www.kliinikum.ee\/naistekliinik\/jaanuarist-muutub-tartu-laste-valtimatu-abi-visiiditasu-kliinikumis\/","og_site_name":"Naistekliinik","article_published_time":"2026-01-16T13:18:51+00:00","article_modified_time":"2026-01-16T13:18:54+00:00","author":"Liana Karapetja","twitter_card":"summary_large_image","twitter_misc":{"Written by":"Liana Karapetja","Est. reading time":"2 minutit"},"schema":{"@context":"https:\/\/schema.org","@graph":[{"@type":"Article","@id":"https:\/\/www.kliinikum.ee\/naistekliinik\/jaanuarist-muutub-tartu-laste-valtimatu-abi-visiiditasu-kliinikumis\/#article","isPartOf":{"@id":"https:\/\/www.kliinikum.ee\/naistekliinik\/jaanuarist-muutub-tartu-laste-valtimatu-abi-visiiditasu-kliinikumis\/"},"author":{"name":"Liana Karapetja","@id":"https:\/\/www.kliinikum.ee\/naistekliinik\/#\/schema\/person\/ecfa55f841d163b6d0714e6b0263a995"},"headline":"Jaanuarist muutub Tartu laste v\u00e4ltimatu abi visiiditasu Kliinikumis","datePublished":"2026-01-16T13:18:51+00:00","dateModified":"2026-01-16T13:18:54+00:00","mainEntityOfPage":{"@id":"https:\/\/www.kliinikum.ee\/naistekliinik\/jaanuarist-muutub-tartu-laste-valtimatu-abi-visiiditasu-kliinikumis\/"},"wordCount":222,"articleSection":["Uudised"],"inLanguage":"et"},{"@type":"WebPage","@id":"https:\/\/www.kliinikum.ee\/naistekliinik\/jaanuarist-muutub-tartu-laste-valtimatu-abi-visiiditasu-kliinikumis\/","url":"https:\/\/www.kliinikum.ee\/naistekliinik\/jaanuarist-muutub-tartu-laste-valtimatu-abi-visiiditasu-kliinikumis\/","name":"Jaanuarist muutub Tartu laste v\u00e4ltimatu abi visiiditasu Kliinikumis - Naistekliinik","isPartOf":{"@id":"https:\/\/www.kliinikum.ee\/naistekliinik\/#website"},"datePublished":"2026-01-16T13:18:51+00:00","dateModified":"2026-01-16T13:18:54+00:00","author":{"@id":"https:\/\/www.kliinikum.ee\/naistekliinik\/#\/schema\/person\/ecfa55f841d163b6d0714e6b0263a995"},"breadcrumb":{"@id":"https:\/\/www.kliinikum.ee\/naistekliinik\/jaanuarist-muutub-tartu-laste-valtimatu-abi-visiiditasu-kliinikumis\/#breadcrumb"},"inLanguage":"et","potentialAction":[{"@type":"ReadAction","target":["https:\/\/www.kliinikum.ee\/naistekliinik\/jaanuarist-muutub-tartu-laste-valtimatu-abi-visiiditasu-kliinikumis\/"]}]},{"@type":"BreadcrumbList","@id":"https:\/\/www.kliinikum.ee\/naistekliinik\/jaanuarist-muutub-tartu-laste-valtimatu-abi-visiiditasu-kliinikumis\/#breadcrumb","itemListElement":[{"@type":"ListItem","position":1,"name":"Home","item":"https:\/\/www.kliinikum.ee\/naistekliinik\/"},{"@type":"ListItem","position":2,"name":"Jaanuarist muutub Tartu laste v\u00e4ltimatu abi visiiditasu Kliinikumis"}]},{"@type":"WebSite","@id":"https:\/\/www.kliinikum.ee\/naistekliinik\/#website","url":"https:\/\/www.kliinikum.ee\/naistekliinik\/","name":"Naistekliinik","description":"Hoolivus P\u00e4devus Usaldusv\u00e4\u00e4rsus","potentialAction":[{"@type":"SearchAction","target":{"@type":"EntryPoint","urlTemplate":"https:\/\/www.kliinikum.ee\/naistekliinik\/?s={search_term_string}"},"query-input":{"@type":"PropertyValueSpecification","valueRequired":true,"valueName":"search_term_string"}}],"inLanguage":"et"},{"@type":"Person","@id":"https:\/\/www.kliinikum.ee\/naistekliinik\/#\/schema\/person\/ecfa55f841d163b6d0714e6b0263a995","name":"Liana Karapetja","image":{"@type":"ImageObject","inLanguage":"et","@id":"https:\/\/secure.gravatar.com\/avatar\/3ab5adaf78fb2693d345ecf957ce2a35016809a5b8b465cbdc7981a7061f6552?s=96&d=mm&r=g","url":"https:\/\/secure.gravatar.com\/avatar\/3ab5adaf78fb2693d345ecf957ce2a35016809a5b8b465cbdc7981a7061f6552?s=96&d=mm&r=g","contentUrl":"https:\/\/secure.gravatar.com\/avatar\/3ab5adaf78fb2693d345ecf957ce2a35016809a5b8b465cbdc7981a7061f6552?s=96&d=mm&r=g","caption":"Liana Karapetja"},"url":"https:\/\/www.kliinikum.ee\/naistekliinik\/author\/lianak\/"}]}},"author_meta":{"display_name":"Liana Karapetja","author_link":"https:\/\/www.kliinikum.ee\/naistekliinik\/author\/lianak\/"},"featured_img":null,"coauthors":[],"tax_additional":{"categories":{"linked":["<a href=\"https:\/\/www.kliinikum.ee\/naistekliinik\/uudised\/\" class=\"advgb-post-tax-term\">Uudised<\/a>"],"unlinked":["<span class=\"advgb-post-tax-term\">Uudised<\/span>"]}},"comment_count":"0","relative_dates":{"created":"Posted 3 kuud ago","modified":"Updated 3 kuud ago"},"absolute_dates":{"created":"Posted on 16. jaan. 2026","modified":"Updated on 16. jaan. 2026"},"absolute_dates_time":{"created":"Posted on 16. jaan. 2026 03:18","modified":"Updated on 16. jaan. 2026 03:18"},"featured_img_caption":"","series_order":"","_links":{"self":[{"href":"https:\/\/www.kliinikum.ee\/naistekliinik\/wp-json\/wp\/v2\/posts\/4634","targetHints":{"allow":["GET"]}}],"collection":[{"href":"https:\/\/www.kliinikum.ee\/naistekliinik\/wp-json\/wp\/v2\/posts"}],"about":[{"href":"https:\/\/www.kliinikum.ee\/naistekliinik\/wp-json\/wp\/v2\/types\/post"}],"author":[{"embeddable":true,"href":"https:\/\/www.kliinikum.ee\/naistekliinik\/wp-json\/wp\/v2\/users\/24"}],"replies":[{"embeddable":true,"href":"https:\/\/www.kliinikum.ee\/naistekliinik\/wp-json\/wp\/v2\/comments?post=4634"}],"version-history":[{"count":0,"href":"https:\/\/www.kliinikum.ee\/naistekliinik\/wp-json\/wp\/v2\/posts\/4634\/revisions"}],"wp:attachment":[{"href":"https:\/\/www.kliinikum.ee\/naistekliinik\/wp-json\/wp\/v2\/media?parent=4634"}],"wp:term":[{"taxonomy":"category","embeddable":true,"href":"https:\/\/www.kliinikum.ee\/naistekliinik\/wp-json\/wp\/v2\/categories?post=4634"}],"curies":[{"name":"wp","href":"https:\/\/api.w.org\/{rel}","templated":true}]}}